{"id":668,"date":"2020-03-26T01:59:00","date_gmt":"2020-03-26T01:59:00","guid":{"rendered":"https:\/\/ventask.publab.pt\/adaptar-e-superar\/"},"modified":"2021-10-04T10:22:54","modified_gmt":"2021-10-04T10:22:54","slug":"adaptar-e-superar","status":"publish","type":"post","link":"https:\/\/www.ventask.pt\/pt-pt\/sem-categoria\/adaptar-e-superar\/","title":{"rendered":"Adaptar \u00e9 Superar"},"content":{"rendered":"\n<p>O mundo est\u00e1 em constante movimento, n\u00e3o h\u00e1 d\u00favidas! Essa movimenta\u00e7\u00e3o \u00e9 que nos faz viver momentos bons e situa\u00e7\u00f5es mais complexas, em que, por vezes, n\u00e3o conseguimos reconhecer o nosso potencial para ir mais al\u00e9m.<\/p>\n\n\n\n<p>Todos n\u00f3s, em certo ponto da nossa exist\u00eancia e rela\u00e7\u00e3o profissional, deparamo-nos com essas situa\u00e7\u00f5es. E, neste artigo, quero mostrar-vos a import\u00e2ncia de reconhecer a evolu\u00e7\u00e3o profissional e pessoal num contexto adverso.<\/p>\n\n\n\n<p><strong>O desafio do teletrabalho<\/strong><br>O teletrabalho j\u00e1 n\u00e3o \u00e9 novidade para muitos trabalhadores que, por todo o mundo, veem no trabalho remoto, uma forma de maximizar o seu tempo dispon\u00edvel no dia a dia. Para mim, est\u00e1 a ser uma novidade e confesso: um grande desafio! A intera\u00e7\u00e3o f\u00edsica e as rela\u00e7\u00f5es interpessoais s\u00e3o pontos chaves no meu dia-a-dia e, foi atrav\u00e9s desse contacto, que desenvolvi a minha carreira profissional. Sou inspirado pelas vendas no setor face-to-face e por todo o processo envolvente. \u00c9 complexo para qualquer profissional da \u00e1rea descrever um dia t\u00edpico de trabalho, j\u00e1 que nenhum \u00e9 igual! O \u00fanico fator comum \u00e9 o contacto f\u00edsico com clientes.<\/p>\n\n\n\n<p>Posto isto, sentir-se frustrado e desmotivado em algum momento da vida \u00e9 completamente normal. Uma vida sem frustra\u00e7\u00e3o ou tristeza \u00e9 uma exist\u00eancia ut\u00f3pica.<\/p>\n\n\n\n<p>O que diferencia as pessoas \u00e9 a forma com que cada uma delas lida com suas dores. H\u00e1 uma frase bastante citada que fala \u201ca dor \u00e9 inevit\u00e1vel, o sofrimento \u00e9 opcional\u201d. Eu acredito verdadeiramente nesta cita\u00e7\u00e3o pois sei que s\u00e3o as dores que podem tornar-se verdadeiras molas impulsionadoras no processo evolutivo.<\/p>\n\n\n\n<p>Se analisarmos a nossa trajet\u00f3ria, percebemos de forma clara que a nossa vida, as nossas rotinas n\u00e3o s\u00e3o mais as mesmas do ano passado e at\u00e9 mesmo da semana passada. A partir do momento que tomamos a decis\u00e3o de evoluir, a primeira transforma\u00e7\u00e3o \u00e9 o despertar da nossa capacidade de identificar e aproveitar tanto as oportunidades, quanto os desafios.<\/p>\n\n\n\n<p><strong>Crescimento depende de n\u00f3s pr\u00f3prios<\/strong><br>No dia 16 de Mar\u00e7o iniciei um novo desafio, trabalhar em regime de teletrabalho. Alterei rotinas, modos operativos e o mais importante: descobri novas plataformas, novos m\u00e9todos de venda e estou certo de que hoje, sou um profissional mais completo. Eu evolu\u00ed e fortaleci os meus processos de venda e essa foi uma escolha minha.<\/p>\n\n\n\n<p>Na minha rela\u00e7\u00e3o profissional enquanto Supervisor Comercial de Retail, ainda \u00e9 comum encontrar pessoas que acreditam que a sua evolu\u00e7\u00e3o pessoal depende de outros. Acreditar que para evoluir \u00e9 preciso que as pessoas \u00e0 volta fa\u00e7am alguma coisa, ou que a empresa tome certas provid\u00eancias, n\u00e3o est\u00e1 correto! A verdade \u00e9 que nossa evolu\u00e7\u00e3o e crescimento dependem unicamente de n\u00f3s.<\/p>\n\n\n\n<p>A partir do momento em que conseguimos discernir todas essas quest\u00f5es, somos capazes de potencializar a nossa autoestima, identificar o nosso prop\u00f3sito e criar objetivos profissionais. Com isso \u00e9 poss\u00edvel adaptar e desenvolver novas capacidades e compet\u00eancias.<\/p>\n\n\n\n<p>Espero que este conte\u00fado contribua de maneira verdadeiramente poderosa para a sua evolu\u00e7\u00e3o \u2013 seja no \u00e2mbito pessoal, seja no \u00e2mbito profissional.<\/p>\n","protected":false},"excerpt":{"rendered":"<p>O mundo est\u00e1 em constante movimento, n\u00e3o h\u00e1 d\u00favidas! Essa movimenta\u00e7\u00e3o \u00e9 que nos faz viver momentos bons e situa\u00e7\u00f5es mais complexas, em que, por vezes, n\u00e3o conseguimos reconhecer o nosso potencial para ir mais al\u00e9m. Todos n\u00f3s, em certo ponto da nossa exist\u00eancia e rela\u00e7\u00e3o profissional, deparamo-nos com essas situa\u00e7\u00f5es. E, neste artigo, quero [&hellip;]<\/p>\n","protected":false},"author":1,"featured_media":428,"comment_status":"closed","ping_status":"closed","sticky":false,"template":"","format":"standard","meta":{"_acf_changed":false,"footnotes":""},"categories":[1],"tags":[],"class_list":["post-668","post","type-post","status-publish","format-standard","has-post-thumbnail","hentry","category-sem-categoria"],"acf":[],"yoast_head":"<!-- This site is optimized with the Yoast SEO plugin v26.0 - https:\/\/yoast.com\/wordpress\/plugins\/seo\/ -->\n<title>Adaptar \u00e9 Superar - Ventask<\/title>\n<meta name=\"robots\" content=\"index, follow, max-snippet:-1, max-image-preview:large, max-video-preview:-1\" \/>\n<link rel=\"canonical\" href=\"https:\/\/www.ventask.pt\/pt-pt\/sem-categoria\/adaptar-e-superar\/\" \/>\n<meta property=\"og:locale\" content=\"pt_PT\" \/>\n<meta property=\"og:type\" content=\"article\" \/>\n<meta property=\"og:title\" content=\"Adaptar \u00e9 Superar - Ventask\" \/>\n<meta property=\"og:description\" content=\"O mundo est\u00e1 em constante movimento, n\u00e3o h\u00e1 d\u00favidas! Essa movimenta\u00e7\u00e3o \u00e9 que nos faz viver momentos bons e situa\u00e7\u00f5es mais complexas, em que, por vezes, n\u00e3o conseguimos reconhecer o nosso potencial para ir mais al\u00e9m. Todos n\u00f3s, em certo ponto da nossa exist\u00eancia e rela\u00e7\u00e3o profissional, deparamo-nos com essas situa\u00e7\u00f5es. E, neste artigo, quero [&hellip;]\" \/>\n<meta property=\"og:url\" content=\"https:\/\/www.ventask.pt\/pt-pt\/sem-categoria\/adaptar-e-superar\/\" \/>\n<meta property=\"og:site_name\" content=\"Ventask\" \/>\n<meta property=\"article:publisher\" content=\"https:\/\/www.facebook.com\/ventaskportugal\/\" \/>\n<meta property=\"article:published_time\" content=\"2020-03-26T01:59:00+00:00\" \/>\n<meta property=\"article:modified_time\" content=\"2021-10-04T10:22:54+00:00\" \/>\n<meta property=\"og:image\" content=\"https:\/\/www.ventask.pt\/wp-content\/uploads\/2021\/10\/equipa-ventask-pedro-silva.png\" \/>\n\t<meta property=\"og:image:width\" content=\"640\" \/>\n\t<meta property=\"og:image:height\" content=\"640\" \/>\n\t<meta property=\"og:image:type\" content=\"image\/png\" \/>\n<meta name=\"author\" content=\"PubLab\" \/>\n<meta name=\"twitter:card\" content=\"summary_large_image\" \/>\n<meta name=\"twitter:label1\" content=\"Escrito por\" \/>\n\t<meta name=\"twitter:data1\" content=\"PubLab\" \/>\n\t<meta name=\"twitter:label2\" content=\"Tempo estimado de leitura\" \/>\n\t<meta name=\"twitter:data2\" content=\"3 minutos\" \/>\n<script type=\"application\/ld+json\" class=\"yoast-schema-graph\">{\"@context\":\"https:\/\/schema.org\",\"@graph\":[{\"@type\":\"Article\",\"@id\":\"https:\/\/www.ventask.pt\/pt-pt\/sem-categoria\/adaptar-e-superar\/#article\",\"isPartOf\":{\"@id\":\"https:\/\/www.ventask.pt\/pt-pt\/sem-categoria\/adaptar-e-superar\/\"},\"author\":{\"name\":\"PubLab\",\"@id\":\"https:\/\/www.ventask.pt\/pt-pt\/#\/schema\/person\/950c193268835cc2595a93e6702dae74\"},\"headline\":\"Adaptar \u00e9 Superar\",\"datePublished\":\"2020-03-26T01:59:00+00:00\",\"dateModified\":\"2021-10-04T10:22:54+00:00\",\"mainEntityOfPage\":{\"@id\":\"https:\/\/www.ventask.pt\/pt-pt\/sem-categoria\/adaptar-e-superar\/\"},\"wordCount\":526,\"publisher\":{\"@id\":\"https:\/\/www.ventask.pt\/pt-pt\/#organization\"},\"image\":{\"@id\":\"https:\/\/www.ventask.pt\/pt-pt\/sem-categoria\/adaptar-e-superar\/#primaryimage\"},\"thumbnailUrl\":\"https:\/\/www.ventask.pt\/wp-content\/uploads\/2021\/10\/equipa-ventask-pedro-silva.png\",\"inLanguage\":\"pt-PT\"},{\"@type\":\"WebPage\",\"@id\":\"https:\/\/www.ventask.pt\/pt-pt\/sem-categoria\/adaptar-e-superar\/\",\"url\":\"https:\/\/www.ventask.pt\/pt-pt\/sem-categoria\/adaptar-e-superar\/\",\"name\":\"Adaptar \u00e9 Superar - Ventask\",\"isPartOf\":{\"@id\":\"https:\/\/www.ventask.pt\/pt-pt\/#website\"},\"primaryImageOfPage\":{\"@id\":\"https:\/\/www.ventask.pt\/pt-pt\/sem-categoria\/adaptar-e-superar\/#primaryimage\"},\"image\":{\"@id\":\"https:\/\/www.ventask.pt\/pt-pt\/sem-categoria\/adaptar-e-superar\/#primaryimage\"},\"thumbnailUrl\":\"https:\/\/www.ventask.pt\/wp-content\/uploads\/2021\/10\/equipa-ventask-pedro-silva.png\",\"datePublished\":\"2020-03-26T01:59:00+00:00\",\"dateModified\":\"2021-10-04T10:22:54+00:00\",\"breadcrumb\":{\"@id\":\"https:\/\/www.ventask.pt\/pt-pt\/sem-categoria\/adaptar-e-superar\/#breadcrumb\"},\"inLanguage\":\"pt-PT\",\"potentialAction\":[{\"@type\":\"ReadAction\",\"target\":[\"https:\/\/www.ventask.pt\/pt-pt\/sem-categoria\/adaptar-e-superar\/\"]}]},{\"@type\":\"ImageObject\",\"inLanguage\":\"pt-PT\",\"@id\":\"https:\/\/www.ventask.pt\/pt-pt\/sem-categoria\/adaptar-e-superar\/#primaryimage\",\"url\":\"https:\/\/www.ventask.pt\/wp-content\/uploads\/2021\/10\/equipa-ventask-pedro-silva.png\",\"contentUrl\":\"https:\/\/www.ventask.pt\/wp-content\/uploads\/2021\/10\/equipa-ventask-pedro-silva.png\",\"width\":640,\"height\":640,\"caption\":\"Equipa Ventask Pedro Silva\"},{\"@type\":\"BreadcrumbList\",\"@id\":\"https:\/\/www.ventask.pt\/pt-pt\/sem-categoria\/adaptar-e-superar\/#breadcrumb\",\"itemListElement\":[{\"@type\":\"ListItem\",\"position\":1,\"name\":\"In\u00edcio\",\"item\":\"https:\/\/www.ventask.pt\/pt-pt\/\"},{\"@type\":\"ListItem\",\"position\":2,\"name\":\"Adaptar \u00e9 Superar\"}]},{\"@type\":\"WebSite\",\"@id\":\"https:\/\/www.ventask.pt\/pt-pt\/#website\",\"url\":\"https:\/\/www.ventask.pt\/pt-pt\/\",\"name\":\"Ventask\",\"description\":\"Sales &amp; Communication Company\",\"publisher\":{\"@id\":\"https:\/\/www.ventask.pt\/pt-pt\/#organization\"},\"potentialAction\":[{\"@type\":\"SearchAction\",\"target\":{\"@type\":\"EntryPoint\",\"urlTemplate\":\"https:\/\/www.ventask.pt\/pt-pt\/?s={search_term_string}\"},\"query-input\":{\"@type\":\"PropertyValueSpecification\",\"valueRequired\":true,\"valueName\":\"search_term_string\"}}],\"inLanguage\":\"pt-PT\"},{\"@type\":\"Organization\",\"@id\":\"https:\/\/www.ventask.pt\/pt-pt\/#organization\",\"name\":\"Ventask\",\"url\":\"https:\/\/www.ventask.pt\/pt-pt\/\",\"logo\":{\"@type\":\"ImageObject\",\"inLanguage\":\"pt-PT\",\"@id\":\"https:\/\/www.ventask.pt\/pt-pt\/#\/schema\/logo\/image\/\",\"url\":\"https:\/\/www.ventask.pt\/wp-content\/uploads\/2021\/08\/logo-original-white-ventask.svg\",\"contentUrl\":\"https:\/\/www.ventask.pt\/wp-content\/uploads\/2021\/08\/logo-original-white-ventask.svg\",\"width\":328,\"height\":351,\"caption\":\"Ventask\"},\"image\":{\"@id\":\"https:\/\/www.ventask.pt\/pt-pt\/#\/schema\/logo\/image\/\"},\"sameAs\":[\"https:\/\/www.facebook.com\/ventaskportugal\/\",\"https:\/\/www.instagram.com\/ventask_pt\/\"]},{\"@type\":\"Person\",\"@id\":\"https:\/\/www.ventask.pt\/pt-pt\/#\/schema\/person\/950c193268835cc2595a93e6702dae74\",\"name\":\"PubLab\",\"image\":{\"@type\":\"ImageObject\",\"inLanguage\":\"pt-PT\",\"@id\":\"https:\/\/www.ventask.pt\/pt-pt\/#\/schema\/person\/image\/\",\"url\":\"https:\/\/secure.gravatar.com\/avatar\/93b65de2ff5d9e28d826e1e4bbd0f1da3345e794bb120e12bd0bc6060ad62081?s=96&d=mm&r=g\",\"contentUrl\":\"https:\/\/secure.gravatar.com\/avatar\/93b65de2ff5d9e28d826e1e4bbd0f1da3345e794bb120e12bd0bc6060ad62081?s=96&d=mm&r=g\",\"caption\":\"PubLab\"},\"sameAs\":[\"https:\/\/ventask.publab.pt\"],\"url\":\"https:\/\/www.ventask.pt\/pt-pt\/author\/publab\/\"}]}<\/script>\n<!-- \/ Yoast SEO plugin. -->","yoast_head_json":{"title":"Adaptar \u00e9 Superar - Ventask","robots":{"index":"index","follow":"follow","max-snippet":"max-snippet:-1","max-image-preview":"max-image-preview:large","max-video-preview":"max-video-preview:-1"},"canonical":"https:\/\/www.ventask.pt\/pt-pt\/sem-categoria\/adaptar-e-superar\/","og_locale":"pt_PT","og_type":"article","og_title":"Adaptar \u00e9 Superar - Ventask","og_description":"O mundo est\u00e1 em constante movimento, n\u00e3o h\u00e1 d\u00favidas! Essa movimenta\u00e7\u00e3o \u00e9 que nos faz viver momentos bons e situa\u00e7\u00f5es mais complexas, em que, por vezes, n\u00e3o conseguimos reconhecer o nosso potencial para ir mais al\u00e9m. Todos n\u00f3s, em certo ponto da nossa exist\u00eancia e rela\u00e7\u00e3o profissional, deparamo-nos com essas situa\u00e7\u00f5es. E, neste artigo, quero [&hellip;]","og_url":"https:\/\/www.ventask.pt\/pt-pt\/sem-categoria\/adaptar-e-superar\/","og_site_name":"Ventask","article_publisher":"https:\/\/www.facebook.com\/ventaskportugal\/","article_published_time":"2020-03-26T01:59:00+00:00","article_modified_time":"2021-10-04T10:22:54+00:00","og_image":[{"width":640,"height":640,"url":"https:\/\/www.ventask.pt\/wp-content\/uploads\/2021\/10\/equipa-ventask-pedro-silva.png","type":"image\/png"}],"author":"PubLab","twitter_card":"summary_large_image","twitter_misc":{"Escrito por":"PubLab","Tempo estimado de leitura":"3 minutos"},"schema":{"@context":"https:\/\/schema.org","@graph":[{"@type":"Article","@id":"https:\/\/www.ventask.pt\/pt-pt\/sem-categoria\/adaptar-e-superar\/#article","isPartOf":{"@id":"https:\/\/www.ventask.pt\/pt-pt\/sem-categoria\/adaptar-e-superar\/"},"author":{"name":"PubLab","@id":"https:\/\/www.ventask.pt\/pt-pt\/#\/schema\/person\/950c193268835cc2595a93e6702dae74"},"headline":"Adaptar \u00e9 Superar","datePublished":"2020-03-26T01:59:00+00:00","dateModified":"2021-10-04T10:22:54+00:00","mainEntityOfPage":{"@id":"https:\/\/www.ventask.pt\/pt-pt\/sem-categoria\/adaptar-e-superar\/"},"wordCount":526,"publisher":{"@id":"https:\/\/www.ventask.pt\/pt-pt\/#organization"},"image":{"@id":"https:\/\/www.ventask.pt\/pt-pt\/sem-categoria\/adaptar-e-superar\/#primaryimage"},"thumbnailUrl":"https:\/\/www.ventask.pt\/wp-content\/uploads\/2021\/10\/equipa-ventask-pedro-silva.png","inLanguage":"pt-PT"},{"@type":"WebPage","@id":"https:\/\/www.ventask.pt\/pt-pt\/sem-categoria\/adaptar-e-superar\/","url":"https:\/\/www.ventask.pt\/pt-pt\/sem-categoria\/adaptar-e-superar\/","name":"Adaptar \u00e9 Superar - Ventask","isPartOf":{"@id":"https:\/\/www.ventask.pt\/pt-pt\/#website"},"primaryImageOfPage":{"@id":"https:\/\/www.ventask.pt\/pt-pt\/sem-categoria\/adaptar-e-superar\/#primaryimage"},"image":{"@id":"https:\/\/www.ventask.pt\/pt-pt\/sem-categoria\/adaptar-e-superar\/#primaryimage"},"thumbnailUrl":"https:\/\/www.ventask.pt\/wp-content\/uploads\/2021\/10\/equipa-ventask-pedro-silva.png","datePublished":"2020-03-26T01:59:00+00:00","dateModified":"2021-10-04T10:22:54+00:00","breadcrumb":{"@id":"https:\/\/www.ventask.pt\/pt-pt\/sem-categoria\/adaptar-e-superar\/#breadcrumb"},"inLanguage":"pt-PT","potentialAction":[{"@type":"ReadAction","target":["https:\/\/www.ventask.pt\/pt-pt\/sem-categoria\/adaptar-e-superar\/"]}]},{"@type":"ImageObject","inLanguage":"pt-PT","@id":"https:\/\/www.ventask.pt\/pt-pt\/sem-categoria\/adaptar-e-superar\/#primaryimage","url":"https:\/\/www.ventask.pt\/wp-content\/uploads\/2021\/10\/equipa-ventask-pedro-silva.png","contentUrl":"https:\/\/www.ventask.pt\/wp-content\/uploads\/2021\/10\/equipa-ventask-pedro-silva.png","width":640,"height":640,"caption":"Equipa Ventask Pedro Silva"},{"@type":"BreadcrumbList","@id":"https:\/\/www.ventask.pt\/pt-pt\/sem-categoria\/adaptar-e-superar\/#breadcrumb","itemListElement":[{"@type":"ListItem","position":1,"name":"In\u00edcio","item":"https:\/\/www.ventask.pt\/pt-pt\/"},{"@type":"ListItem","position":2,"name":"Adaptar \u00e9 Superar"}]},{"@type":"WebSite","@id":"https:\/\/www.ventask.pt\/pt-pt\/#website","url":"https:\/\/www.ventask.pt\/pt-pt\/","name":"Ventask","description":"Sales &amp; Communication Company","publisher":{"@id":"https:\/\/www.ventask.pt\/pt-pt\/#organization"},"potentialAction":[{"@type":"SearchAction","target":{"@type":"EntryPoint","urlTemplate":"https:\/\/www.ventask.pt\/pt-pt\/?s={search_term_string}"},"query-input":{"@type":"PropertyValueSpecification","valueRequired":true,"valueName":"search_term_string"}}],"inLanguage":"pt-PT"},{"@type":"Organization","@id":"https:\/\/www.ventask.pt\/pt-pt\/#organization","name":"Ventask","url":"https:\/\/www.ventask.pt\/pt-pt\/","logo":{"@type":"ImageObject","inLanguage":"pt-PT","@id":"https:\/\/www.ventask.pt\/pt-pt\/#\/schema\/logo\/image\/","url":"https:\/\/www.ventask.pt\/wp-content\/uploads\/2021\/08\/logo-original-white-ventask.svg","contentUrl":"https:\/\/www.ventask.pt\/wp-content\/uploads\/2021\/08\/logo-original-white-ventask.svg","width":328,"height":351,"caption":"Ventask"},"image":{"@id":"https:\/\/www.ventask.pt\/pt-pt\/#\/schema\/logo\/image\/"},"sameAs":["https:\/\/www.facebook.com\/ventaskportugal\/","https:\/\/www.instagram.com\/ventask_pt\/"]},{"@type":"Person","@id":"https:\/\/www.ventask.pt\/pt-pt\/#\/schema\/person\/950c193268835cc2595a93e6702dae74","name":"PubLab","image":{"@type":"ImageObject","inLanguage":"pt-PT","@id":"https:\/\/www.ventask.pt\/pt-pt\/#\/schema\/person\/image\/","url":"https:\/\/secure.gravatar.com\/avatar\/93b65de2ff5d9e28d826e1e4bbd0f1da3345e794bb120e12bd0bc6060ad62081?s=96&d=mm&r=g","contentUrl":"https:\/\/secure.gravatar.com\/avatar\/93b65de2ff5d9e28d826e1e4bbd0f1da3345e794bb120e12bd0bc6060ad62081?s=96&d=mm&r=g","caption":"PubLab"},"sameAs":["https:\/\/ventask.publab.pt"],"url":"https:\/\/www.ventask.pt\/pt-pt\/author\/publab\/"}]}},"_links":{"self":[{"href":"https:\/\/www.ventask.pt\/pt-pt\/wp-json\/wp\/v2\/posts\/668","targetHints":{"allow":["GET"]}}],"collection":[{"href":"https:\/\/www.ventask.pt\/pt-pt\/wp-json\/wp\/v2\/posts"}],"about":[{"href":"https:\/\/www.ventask.pt\/pt-pt\/wp-json\/wp\/v2\/types\/post"}],"author":[{"embeddable":true,"href":"https:\/\/www.ventask.pt\/pt-pt\/wp-json\/wp\/v2\/users\/1"}],"replies":[{"embeddable":true,"href":"https:\/\/www.ventask.pt\/pt-pt\/wp-json\/wp\/v2\/comments?post=668"}],"version-history":[{"count":1,"href":"https:\/\/www.ventask.pt\/pt-pt\/wp-json\/wp\/v2\/posts\/668\/revisions"}],"predecessor-version":[{"id":688,"href":"https:\/\/www.ventask.pt\/pt-pt\/wp-json\/wp\/v2\/posts\/668\/revisions\/688"}],"wp:featuredmedia":[{"embeddable":true,"href":"https:\/\/www.ventask.pt\/pt-pt\/wp-json\/wp\/v2\/media\/428"}],"wp:attachment":[{"href":"https:\/\/www.ventask.pt\/pt-pt\/wp-json\/wp\/v2\/media?parent=668"}],"wp:term":[{"taxonomy":"category","embeddable":true,"href":"https:\/\/www.ventask.pt\/pt-pt\/wp-json\/wp\/v2\/categories?post=668"},{"taxonomy":"post_tag","embeddable":true,"href":"https:\/\/www.ventask.pt\/pt-pt\/wp-json\/wp\/v2\/tags?post=668"}],"curies":[{"name":"wp","href":"https:\/\/api.w.org\/{rel}","templated":true}]}}