{"id":663,"date":"2020-09-25T01:59:00","date_gmt":"2020-09-25T01:59:00","guid":{"rendered":"https:\/\/ventask.publab.pt\/a-musica-abriu-lhe-caminho-a-comunicacao\/"},"modified":"2021-10-04T10:55:41","modified_gmt":"2021-10-04T10:55:41","slug":"a-musica-abriu-lhe-caminho-a-comunicacao","status":"publish","type":"post","link":"https:\/\/www.ventask.pt\/pt-pt\/sem-categoria\/a-musica-abriu-lhe-caminho-a-comunicacao\/","title":{"rendered":"A m\u00fasica abriu-lhe caminho \u00e0 comunica\u00e7\u00e3o"},"content":{"rendered":"\n<p>Trabalhar em comunica\u00e7\u00e3o sempre esteve no meu horizonte profissional. Desde cedo essas capacidades foram sendo desenvolvidas atrav\u00e9s da m\u00fasica.<\/p>\n\n\n\n<p>A m\u00fasica por si s\u00f3 \u00e9 um meio de comunica\u00e7\u00e3o e uma linguagem. Come\u00e7ando em tenra idade nesta profiss\u00e3o, m\u00fasico, fez-me despertar cedo para este gosto e aptid\u00e3o pela comunica\u00e7\u00e3o.<\/p>\n\n\n\n<p>Outras capacidades que a m\u00fasica desperta em n\u00f3s s\u00e3o: o foco, a responsabildade, a dedica\u00e7\u00e3o e o saber lidar com a press\u00e3o. Como por exemplo o ter de tocar (comunicar) com milhares de pessoas diariamente.<\/p>\n\n\n\n<p>Mais tarde, tive tamb\u00e9m a oportunidade de gerir um projeto de restaura\u00e7\u00e3o na vila de \u00d3bidos, o que me permitiu adquirir conhecimentos em v\u00e1rios sectores de neg\u00f3cio.<\/p>\n\n\n\n<p>Continuando este caminho de aprendizagem, em 2015, entrei na Ventask como operador de contact center. Tendo oportunidade de conhecer e aprender com pessoas de excel\u00eancia na \u00e1rea.<\/p>\n\n\n\n<p>Todas estas experi\u00eancias, que j\u00e1 v\u00eam desde os 14 anos, fazem com que hoje, como gestor comercial, consiga desempenhar a fun\u00e7\u00e3o com mais seguran\u00e7a, estabelecendo uma rela\u00e7\u00e3o de confian\u00e7a com os clientes.<\/p>\n\n\n\n<p>Melhorar e evoluir, \u00e9 sempre um objectivo, contando com o apoio da grande equipa Ventask.<\/p>\n","protected":false},"excerpt":{"rendered":"<p>Trabalhar em comunica\u00e7\u00e3o sempre esteve no meu horizonte profissional. Desde cedo essas capacidades foram sendo desenvolvidas atrav\u00e9s da m\u00fasica. A m\u00fasica por si s\u00f3 \u00e9 um meio de comunica\u00e7\u00e3o e uma linguagem. Come\u00e7ando em tenra idade nesta profiss\u00e3o, m\u00fasico, fez-me despertar cedo para este gosto e aptid\u00e3o pela comunica\u00e7\u00e3o. Outras capacidades que a m\u00fasica desperta [&hellip;]<\/p>\n","protected":false},"author":1,"featured_media":633,"comment_status":"closed","ping_status":"closed","sticky":false,"template":"","format":"standard","meta":{"_acf_changed":false,"footnotes":""},"categories":[1],"tags":[],"class_list":["post-663","post","type-post","status-publish","format-standard","has-post-thumbnail","hentry","category-sem-categoria"],"acf":[],"yoast_head":"<!-- This site is optimized with the Yoast SEO plugin v26.0 - https:\/\/yoast.com\/wordpress\/plugins\/seo\/ -->\n<title>A m\u00fasica abriu-lhe caminho \u00e0 comunica\u00e7\u00e3o - Ventask<\/title>\n<meta name=\"robots\" content=\"index, follow, max-snippet:-1, max-image-preview:large, max-video-preview:-1\" \/>\n<link rel=\"canonical\" href=\"https:\/\/www.ventask.pt\/pt-pt\/sem-categoria\/a-musica-abriu-lhe-caminho-a-comunicacao\/\" \/>\n<meta property=\"og:locale\" content=\"pt_PT\" \/>\n<meta property=\"og:type\" content=\"article\" \/>\n<meta property=\"og:title\" content=\"A m\u00fasica abriu-lhe caminho \u00e0 comunica\u00e7\u00e3o - Ventask\" \/>\n<meta property=\"og:description\" content=\"Trabalhar em comunica\u00e7\u00e3o sempre esteve no meu horizonte profissional. Desde cedo essas capacidades foram sendo desenvolvidas atrav\u00e9s da m\u00fasica. A m\u00fasica por si s\u00f3 \u00e9 um meio de comunica\u00e7\u00e3o e uma linguagem. Come\u00e7ando em tenra idade nesta profiss\u00e3o, m\u00fasico, fez-me despertar cedo para este gosto e aptid\u00e3o pela comunica\u00e7\u00e3o. Outras capacidades que a m\u00fasica desperta [&hellip;]\" \/>\n<meta property=\"og:url\" content=\"https:\/\/www.ventask.pt\/pt-pt\/sem-categoria\/a-musica-abriu-lhe-caminho-a-comunicacao\/\" \/>\n<meta property=\"og:site_name\" content=\"Ventask\" \/>\n<meta property=\"article:publisher\" content=\"https:\/\/www.facebook.com\/ventaskportugal\/\" \/>\n<meta property=\"article:published_time\" content=\"2020-09-25T01:59:00+00:00\" \/>\n<meta property=\"article:modified_time\" content=\"2021-10-04T10:55:41+00:00\" \/>\n<meta property=\"og:image\" content=\"https:\/\/www.ventask.pt\/wp-content\/uploads\/2021\/10\/blog-luis-rodrigo-marcelino-rosa-ventask.png\" \/>\n\t<meta property=\"og:image:width\" content=\"640\" \/>\n\t<meta property=\"og:image:height\" content=\"640\" \/>\n\t<meta property=\"og:image:type\" content=\"image\/png\" \/>\n<meta name=\"author\" content=\"PubLab\" \/>\n<meta name=\"twitter:card\" content=\"summary_large_image\" \/>\n<meta name=\"twitter:label1\" content=\"Escrito por\" \/>\n\t<meta name=\"twitter:data1\" content=\"PubLab\" \/>\n\t<meta name=\"twitter:label2\" content=\"Tempo estimado de leitura\" \/>\n\t<meta name=\"twitter:data2\" content=\"1 minuto\" \/>\n<script type=\"application\/ld+json\" class=\"yoast-schema-graph\">{\"@context\":\"https:\/\/schema.org\",\"@graph\":[{\"@type\":\"Article\",\"@id\":\"https:\/\/www.ventask.pt\/pt-pt\/sem-categoria\/a-musica-abriu-lhe-caminho-a-comunicacao\/#article\",\"isPartOf\":{\"@id\":\"https:\/\/www.ventask.pt\/pt-pt\/sem-categoria\/a-musica-abriu-lhe-caminho-a-comunicacao\/\"},\"author\":{\"name\":\"PubLab\",\"@id\":\"https:\/\/www.ventask.pt\/pt-pt\/#\/schema\/person\/950c193268835cc2595a93e6702dae74\"},\"headline\":\"A m\u00fasica abriu-lhe caminho \u00e0 comunica\u00e7\u00e3o\",\"datePublished\":\"2020-09-25T01:59:00+00:00\",\"dateModified\":\"2021-10-04T10:55:41+00:00\",\"mainEntityOfPage\":{\"@id\":\"https:\/\/www.ventask.pt\/pt-pt\/sem-categoria\/a-musica-abriu-lhe-caminho-a-comunicacao\/\"},\"wordCount\":214,\"publisher\":{\"@id\":\"https:\/\/www.ventask.pt\/pt-pt\/#organization\"},\"image\":{\"@id\":\"https:\/\/www.ventask.pt\/pt-pt\/sem-categoria\/a-musica-abriu-lhe-caminho-a-comunicacao\/#primaryimage\"},\"thumbnailUrl\":\"https:\/\/www.ventask.pt\/wp-content\/uploads\/2021\/10\/blog-luis-rodrigo-marcelino-rosa-ventask.png\",\"inLanguage\":\"pt-PT\"},{\"@type\":\"WebPage\",\"@id\":\"https:\/\/www.ventask.pt\/pt-pt\/sem-categoria\/a-musica-abriu-lhe-caminho-a-comunicacao\/\",\"url\":\"https:\/\/www.ventask.pt\/pt-pt\/sem-categoria\/a-musica-abriu-lhe-caminho-a-comunicacao\/\",\"name\":\"A m\u00fasica abriu-lhe caminho \u00e0 comunica\u00e7\u00e3o - Ventask\",\"isPartOf\":{\"@id\":\"https:\/\/www.ventask.pt\/pt-pt\/#website\"},\"primaryImageOfPage\":{\"@id\":\"https:\/\/www.ventask.pt\/pt-pt\/sem-categoria\/a-musica-abriu-lhe-caminho-a-comunicacao\/#primaryimage\"},\"image\":{\"@id\":\"https:\/\/www.ventask.pt\/pt-pt\/sem-categoria\/a-musica-abriu-lhe-caminho-a-comunicacao\/#primaryimage\"},\"thumbnailUrl\":\"https:\/\/www.ventask.pt\/wp-content\/uploads\/2021\/10\/blog-luis-rodrigo-marcelino-rosa-ventask.png\",\"datePublished\":\"2020-09-25T01:59:00+00:00\",\"dateModified\":\"2021-10-04T10:55:41+00:00\",\"breadcrumb\":{\"@id\":\"https:\/\/www.ventask.pt\/pt-pt\/sem-categoria\/a-musica-abriu-lhe-caminho-a-comunicacao\/#breadcrumb\"},\"inLanguage\":\"pt-PT\",\"potentialAction\":[{\"@type\":\"ReadAction\",\"target\":[\"https:\/\/www.ventask.pt\/pt-pt\/sem-categoria\/a-musica-abriu-lhe-caminho-a-comunicacao\/\"]}]},{\"@type\":\"ImageObject\",\"inLanguage\":\"pt-PT\",\"@id\":\"https:\/\/www.ventask.pt\/pt-pt\/sem-categoria\/a-musica-abriu-lhe-caminho-a-comunicacao\/#primaryimage\",\"url\":\"https:\/\/www.ventask.pt\/wp-content\/uploads\/2021\/10\/blog-luis-rodrigo-marcelino-rosa-ventask.png\",\"contentUrl\":\"https:\/\/www.ventask.pt\/wp-content\/uploads\/2021\/10\/blog-luis-rodrigo-marcelino-rosa-ventask.png\",\"width\":640,\"height\":640},{\"@type\":\"BreadcrumbList\",\"@id\":\"https:\/\/www.ventask.pt\/pt-pt\/sem-categoria\/a-musica-abriu-lhe-caminho-a-comunicacao\/#breadcrumb\",\"itemListElement\":[{\"@type\":\"ListItem\",\"position\":1,\"name\":\"In\u00edcio\",\"item\":\"https:\/\/www.ventask.pt\/pt-pt\/\"},{\"@type\":\"ListItem\",\"position\":2,\"name\":\"A m\u00fasica abriu-lhe caminho \u00e0 comunica\u00e7\u00e3o\"}]},{\"@type\":\"WebSite\",\"@id\":\"https:\/\/www.ventask.pt\/pt-pt\/#website\",\"url\":\"https:\/\/www.ventask.pt\/pt-pt\/\",\"name\":\"Ventask\",\"description\":\"Sales &amp; Communication Company\",\"publisher\":{\"@id\":\"https:\/\/www.ventask.pt\/pt-pt\/#organization\"},\"potentialAction\":[{\"@type\":\"SearchAction\",\"target\":{\"@type\":\"EntryPoint\",\"urlTemplate\":\"https:\/\/www.ventask.pt\/pt-pt\/?s={search_term_string}\"},\"query-input\":{\"@type\":\"PropertyValueSpecification\",\"valueRequired\":true,\"valueName\":\"search_term_string\"}}],\"inLanguage\":\"pt-PT\"},{\"@type\":\"Organization\",\"@id\":\"https:\/\/www.ventask.pt\/pt-pt\/#organization\",\"name\":\"Ventask\",\"url\":\"https:\/\/www.ventask.pt\/pt-pt\/\",\"logo\":{\"@type\":\"ImageObject\",\"inLanguage\":\"pt-PT\",\"@id\":\"https:\/\/www.ventask.pt\/pt-pt\/#\/schema\/logo\/image\/\",\"url\":\"https:\/\/www.ventask.pt\/wp-content\/uploads\/2021\/08\/logo-original-white-ventask.svg\",\"contentUrl\":\"https:\/\/www.ventask.pt\/wp-content\/uploads\/2021\/08\/logo-original-white-ventask.svg\",\"width\":328,\"height\":351,\"caption\":\"Ventask\"},\"image\":{\"@id\":\"https:\/\/www.ventask.pt\/pt-pt\/#\/schema\/logo\/image\/\"},\"sameAs\":[\"https:\/\/www.facebook.com\/ventaskportugal\/\",\"https:\/\/www.instagram.com\/ventask_pt\/\"]},{\"@type\":\"Person\",\"@id\":\"https:\/\/www.ventask.pt\/pt-pt\/#\/schema\/person\/950c193268835cc2595a93e6702dae74\",\"name\":\"PubLab\",\"image\":{\"@type\":\"ImageObject\",\"inLanguage\":\"pt-PT\",\"@id\":\"https:\/\/www.ventask.pt\/pt-pt\/#\/schema\/person\/image\/\",\"url\":\"https:\/\/secure.gravatar.com\/avatar\/93b65de2ff5d9e28d826e1e4bbd0f1da3345e794bb120e12bd0bc6060ad62081?s=96&d=mm&r=g\",\"contentUrl\":\"https:\/\/secure.gravatar.com\/avatar\/93b65de2ff5d9e28d826e1e4bbd0f1da3345e794bb120e12bd0bc6060ad62081?s=96&d=mm&r=g\",\"caption\":\"PubLab\"},\"sameAs\":[\"https:\/\/ventask.publab.pt\"],\"url\":\"https:\/\/www.ventask.pt\/pt-pt\/author\/publab\/\"}]}<\/script>\n<!-- \/ Yoast SEO plugin. -->","yoast_head_json":{"title":"A m\u00fasica abriu-lhe caminho \u00e0 comunica\u00e7\u00e3o - Ventask","robots":{"index":"index","follow":"follow","max-snippet":"max-snippet:-1","max-image-preview":"max-image-preview:large","max-video-preview":"max-video-preview:-1"},"canonical":"https:\/\/www.ventask.pt\/pt-pt\/sem-categoria\/a-musica-abriu-lhe-caminho-a-comunicacao\/","og_locale":"pt_PT","og_type":"article","og_title":"A m\u00fasica abriu-lhe caminho \u00e0 comunica\u00e7\u00e3o - Ventask","og_description":"Trabalhar em comunica\u00e7\u00e3o sempre esteve no meu horizonte profissional. Desde cedo essas capacidades foram sendo desenvolvidas atrav\u00e9s da m\u00fasica. A m\u00fasica por si s\u00f3 \u00e9 um meio de comunica\u00e7\u00e3o e uma linguagem. Come\u00e7ando em tenra idade nesta profiss\u00e3o, m\u00fasico, fez-me despertar cedo para este gosto e aptid\u00e3o pela comunica\u00e7\u00e3o. Outras capacidades que a m\u00fasica desperta [&hellip;]","og_url":"https:\/\/www.ventask.pt\/pt-pt\/sem-categoria\/a-musica-abriu-lhe-caminho-a-comunicacao\/","og_site_name":"Ventask","article_publisher":"https:\/\/www.facebook.com\/ventaskportugal\/","article_published_time":"2020-09-25T01:59:00+00:00","article_modified_time":"2021-10-04T10:55:41+00:00","og_image":[{"width":640,"height":640,"url":"https:\/\/www.ventask.pt\/wp-content\/uploads\/2021\/10\/blog-luis-rodrigo-marcelino-rosa-ventask.png","type":"image\/png"}],"author":"PubLab","twitter_card":"summary_large_image","twitter_misc":{"Escrito por":"PubLab","Tempo estimado de leitura":"1 minuto"},"schema":{"@context":"https:\/\/schema.org","@graph":[{"@type":"Article","@id":"https:\/\/www.ventask.pt\/pt-pt\/sem-categoria\/a-musica-abriu-lhe-caminho-a-comunicacao\/#article","isPartOf":{"@id":"https:\/\/www.ventask.pt\/pt-pt\/sem-categoria\/a-musica-abriu-lhe-caminho-a-comunicacao\/"},"author":{"name":"PubLab","@id":"https:\/\/www.ventask.pt\/pt-pt\/#\/schema\/person\/950c193268835cc2595a93e6702dae74"},"headline":"A m\u00fasica abriu-lhe caminho \u00e0 comunica\u00e7\u00e3o","datePublished":"2020-09-25T01:59:00+00:00","dateModified":"2021-10-04T10:55:41+00:00","mainEntityOfPage":{"@id":"https:\/\/www.ventask.pt\/pt-pt\/sem-categoria\/a-musica-abriu-lhe-caminho-a-comunicacao\/"},"wordCount":214,"publisher":{"@id":"https:\/\/www.ventask.pt\/pt-pt\/#organization"},"image":{"@id":"https:\/\/www.ventask.pt\/pt-pt\/sem-categoria\/a-musica-abriu-lhe-caminho-a-comunicacao\/#primaryimage"},"thumbnailUrl":"https:\/\/www.ventask.pt\/wp-content\/uploads\/2021\/10\/blog-luis-rodrigo-marcelino-rosa-ventask.png","inLanguage":"pt-PT"},{"@type":"WebPage","@id":"https:\/\/www.ventask.pt\/pt-pt\/sem-categoria\/a-musica-abriu-lhe-caminho-a-comunicacao\/","url":"https:\/\/www.ventask.pt\/pt-pt\/sem-categoria\/a-musica-abriu-lhe-caminho-a-comunicacao\/","name":"A m\u00fasica abriu-lhe caminho \u00e0 comunica\u00e7\u00e3o - Ventask","isPartOf":{"@id":"https:\/\/www.ventask.pt\/pt-pt\/#website"},"primaryImageOfPage":{"@id":"https:\/\/www.ventask.pt\/pt-pt\/sem-categoria\/a-musica-abriu-lhe-caminho-a-comunicacao\/#primaryimage"},"image":{"@id":"https:\/\/www.ventask.pt\/pt-pt\/sem-categoria\/a-musica-abriu-lhe-caminho-a-comunicacao\/#primaryimage"},"thumbnailUrl":"https:\/\/www.ventask.pt\/wp-content\/uploads\/2021\/10\/blog-luis-rodrigo-marcelino-rosa-ventask.png","datePublished":"2020-09-25T01:59:00+00:00","dateModified":"2021-10-04T10:55:41+00:00","breadcrumb":{"@id":"https:\/\/www.ventask.pt\/pt-pt\/sem-categoria\/a-musica-abriu-lhe-caminho-a-comunicacao\/#breadcrumb"},"inLanguage":"pt-PT","potentialAction":[{"@type":"ReadAction","target":["https:\/\/www.ventask.pt\/pt-pt\/sem-categoria\/a-musica-abriu-lhe-caminho-a-comunicacao\/"]}]},{"@type":"ImageObject","inLanguage":"pt-PT","@id":"https:\/\/www.ventask.pt\/pt-pt\/sem-categoria\/a-musica-abriu-lhe-caminho-a-comunicacao\/#primaryimage","url":"https:\/\/www.ventask.pt\/wp-content\/uploads\/2021\/10\/blog-luis-rodrigo-marcelino-rosa-ventask.png","contentUrl":"https:\/\/www.ventask.pt\/wp-content\/uploads\/2021\/10\/blog-luis-rodrigo-marcelino-rosa-ventask.png","width":640,"height":640},{"@type":"BreadcrumbList","@id":"https:\/\/www.ventask.pt\/pt-pt\/sem-categoria\/a-musica-abriu-lhe-caminho-a-comunicacao\/#breadcrumb","itemListElement":[{"@type":"ListItem","position":1,"name":"In\u00edcio","item":"https:\/\/www.ventask.pt\/pt-pt\/"},{"@type":"ListItem","position":2,"name":"A m\u00fasica abriu-lhe caminho \u00e0 comunica\u00e7\u00e3o"}]},{"@type":"WebSite","@id":"https:\/\/www.ventask.pt\/pt-pt\/#website","url":"https:\/\/www.ventask.pt\/pt-pt\/","name":"Ventask","description":"Sales &amp; Communication Company","publisher":{"@id":"https:\/\/www.ventask.pt\/pt-pt\/#organization"},"potentialAction":[{"@type":"SearchAction","target":{"@type":"EntryPoint","urlTemplate":"https:\/\/www.ventask.pt\/pt-pt\/?s={search_term_string}"},"query-input":{"@type":"PropertyValueSpecification","valueRequired":true,"valueName":"search_term_string"}}],"inLanguage":"pt-PT"},{"@type":"Organization","@id":"https:\/\/www.ventask.pt\/pt-pt\/#organization","name":"Ventask","url":"https:\/\/www.ventask.pt\/pt-pt\/","logo":{"@type":"ImageObject","inLanguage":"pt-PT","@id":"https:\/\/www.ventask.pt\/pt-pt\/#\/schema\/logo\/image\/","url":"https:\/\/www.ventask.pt\/wp-content\/uploads\/2021\/08\/logo-original-white-ventask.svg","contentUrl":"https:\/\/www.ventask.pt\/wp-content\/uploads\/2021\/08\/logo-original-white-ventask.svg","width":328,"height":351,"caption":"Ventask"},"image":{"@id":"https:\/\/www.ventask.pt\/pt-pt\/#\/schema\/logo\/image\/"},"sameAs":["https:\/\/www.facebook.com\/ventaskportugal\/","https:\/\/www.instagram.com\/ventask_pt\/"]},{"@type":"Person","@id":"https:\/\/www.ventask.pt\/pt-pt\/#\/schema\/person\/950c193268835cc2595a93e6702dae74","name":"PubLab","image":{"@type":"ImageObject","inLanguage":"pt-PT","@id":"https:\/\/www.ventask.pt\/pt-pt\/#\/schema\/person\/image\/","url":"https:\/\/secure.gravatar.com\/avatar\/93b65de2ff5d9e28d826e1e4bbd0f1da3345e794bb120e12bd0bc6060ad62081?s=96&d=mm&r=g","contentUrl":"https:\/\/secure.gravatar.com\/avatar\/93b65de2ff5d9e28d826e1e4bbd0f1da3345e794bb120e12bd0bc6060ad62081?s=96&d=mm&r=g","caption":"PubLab"},"sameAs":["https:\/\/ventask.publab.pt"],"url":"https:\/\/www.ventask.pt\/pt-pt\/author\/publab\/"}]}},"_links":{"self":[{"href":"https:\/\/www.ventask.pt\/pt-pt\/wp-json\/wp\/v2\/posts\/663","targetHints":{"allow":["GET"]}}],"collection":[{"href":"https:\/\/www.ventask.pt\/pt-pt\/wp-json\/wp\/v2\/posts"}],"about":[{"href":"https:\/\/www.ventask.pt\/pt-pt\/wp-json\/wp\/v2\/types\/post"}],"author":[{"embeddable":true,"href":"https:\/\/www.ventask.pt\/pt-pt\/wp-json\/wp\/v2\/users\/1"}],"replies":[{"embeddable":true,"href":"https:\/\/www.ventask.pt\/pt-pt\/wp-json\/wp\/v2\/comments?post=663"}],"version-history":[{"count":2,"href":"https:\/\/www.ventask.pt\/pt-pt\/wp-json\/wp\/v2\/posts\/663\/revisions"}],"predecessor-version":[{"id":708,"href":"https:\/\/www.ventask.pt\/pt-pt\/wp-json\/wp\/v2\/posts\/663\/revisions\/708"}],"wp:featuredmedia":[{"embeddable":true,"href":"https:\/\/www.ventask.pt\/pt-pt\/wp-json\/wp\/v2\/media\/633"}],"wp:attachment":[{"href":"https:\/\/www.ventask.pt\/pt-pt\/wp-json\/wp\/v2\/media?parent=663"}],"wp:term":[{"taxonomy":"category","embeddable":true,"href":"https:\/\/www.ventask.pt\/pt-pt\/wp-json\/wp\/v2\/categories?post=663"},{"taxonomy":"post_tag","embeddable":true,"href":"https:\/\/www.ventask.pt\/pt-pt\/wp-json\/wp\/v2\/tags?post=663"}],"curies":[{"name":"wp","href":"https:\/\/api.w.org\/{rel}","templated":true}]}}