{"id":1079,"date":"2023-11-15T16:25:38","date_gmt":"2023-11-15T16:25:38","guid":{"rendered":"https:\/\/www.ventask.pt\/?p=1079"},"modified":"2023-11-15T16:25:39","modified_gmt":"2023-11-15T16:25:39","slug":"a-nova-tendencia-trabalhos-a-part-time-e-as-novas-geracoes","status":"publish","type":"post","link":"https:\/\/www.ventask.pt\/pt-pt\/sem-categoria\/a-nova-tendencia-trabalhos-a-part-time-e-as-novas-geracoes\/","title":{"rendered":"A Nova Tend\u00eancia: Trabalhos a Part-time e as Novas Gera\u00e7\u00f5es"},"content":{"rendered":"\n<p>No cen\u00e1rio em constante evolu\u00e7\u00e3o do mercado de trabalho, uma&nbsp;das&nbsp;tend\u00eancia que&nbsp;tem vindo a&nbsp;ganhar&nbsp;destaque \u00e9 a escolha das novas gera\u00e7\u00f5es por trabalhos a part-time. Este&nbsp;fen\u00f4meno&nbsp;n\u00e3o apenas redefine a rela\u00e7\u00e3o tradicional com o emprego, mas tamb\u00e9m reflete as mudan\u00e7as nas aspira\u00e7\u00f5es e prioridades das gera\u00e7\u00f5es mais jovens.&nbsp;No artigo de hoje, iremos abordar a mudan\u00e7a de&nbsp;paradigma nas&nbsp;prefer\u00eancias de Emprego&nbsp;e desmistificar a qualidade e n\u00edveis de performance de um colaborador que trabalhe em regime parcial.<\/p>\n\n\n\n<p><strong>1. Flexibilidade e Equil\u00edbrio Trabalho-Vida<\/strong><\/p>\n\n\n\n<p>Uma das principais raz\u00f5es pelas quais as novas gera\u00e7\u00f5es&nbsp;optam&nbsp;por trabalhos a part-time&nbsp;est\u00e1 diretamente relacionado com a procura&nbsp;por um equil\u00edbrio saud\u00e1vel entre vida profissional e pessoal. Com a crescente valoriza\u00e7\u00e3o da flexibilidade, os trabalhos a part-time oferecem a oportunidade de dedicar tempo a outros interesses e responsabilidades.<\/p>\n\n\n\n<p><strong>2. Adapta\u00e7\u00e3o \u00e0 Economia&nbsp;<\/strong><strong>de Trabalhos Alternativos<\/strong><\/p>\n\n\n\n<p>A ascens\u00e3o de op\u00e7\u00f5es alternativas profissionais,&nbsp;incentivou a procura por oportunidades de trabalho mais flex\u00edveis. As novas gera\u00e7\u00f5es apreciam a capacidade de escolher projetos espec\u00edficos ou hor\u00e1rios que se alinhem com seus objetivos pessoais, ao inv\u00e9s de aderir a empregos tradicionais de tempo integral.&nbsp;N\u00e3o se trata apenas por privilegiar a op\u00e7\u00e3o de trabalhar a partir de casa, mas sim garantir que a sua rotina \u00e9 altamente motivadora e que o preenche a n\u00edvel pessoal e profissional.<\/p>\n\n\n\n<p><strong>Ponto chave:&nbsp;<\/strong><strong>Benef\u00edcios para Empregadores e Empregados<\/strong><\/p>\n\n\n\n<ul class=\"wp-block-list\">\n<li>Produtividade e&nbsp;Comprometimento:&nbsp;Contrariamente \u00e0 cren\u00e7a comum, trabalhadores a part-time muitas vezes demonstram maior produtividade e&nbsp;compromisso com a sua fun\u00e7\u00e3o e empresa. A gest\u00e3o do tempo torna-se uma prioridade, resultando em uma abordagem mais focada e eficiente no trabalho.<\/li>\n<\/ul>\n\n\n\n<ul class=\"wp-block-list\">\n<li>Diversidade de Habilidades:&nbsp;Ao aceitar trabalhadores a part-time, as empresas&nbsp;t\u00eam acesso&nbsp;a&nbsp;um&nbsp;conjunto mais amplo&nbsp;de habilidades e experi\u00eancias. Isso contribui para ambientes de trabalho mais diversos e inovadores.<\/li>\n<\/ul>\n\n\n\n<p>Desta forma, podemos ent\u00e3o afirmar que a&nbsp;escolha crescente das novas gera\u00e7\u00f5es por trabalhos a part-time n\u00e3o \u00e9 apenas uma adapta\u00e7\u00e3o ao cen\u00e1rio econ\u00f3mico em evolu\u00e7\u00e3o, mas uma mudan\u00e7a de paradigma em rela\u00e7\u00e3o ao trabalho. Ao entender as raz\u00f5es por tr\u00e1s dessa escolha e abordar os desafios associados, podemos criar ambientes de trabalho mais flex\u00edveis, produtivos e inclusivos para todos.&nbsp;\u00c9 certo que ainda&nbsp;existe uma certa estigmatiza\u00e7\u00e3o associada a essa escolha. Analisaremos como a sociedade e as empresas podem evoluir para valorizar plenamente os benef\u00edcios que os trabalhos a part-time trazem.<\/p>\n\n\n\n<p>At\u00e9 l\u00e1, a <strong>Ventask <\/strong>acompanha esta nova tend\u00eancia e tem dispon\u00edvel a op\u00e7\u00e3o de Part-time em todas as posi\u00e7\u00f5es atuais. Acreditamos que cabe \u00e0s empresas assegurar que nos ajustamos e nos adaptamos \u00e0s tend\u00eancias emergentes, garantindo n\u00e3o apenas uma posi\u00e7\u00e3o s\u00f3lida no mercado de trabalho, mas, acima de tudo, oferecendo as condi\u00e7\u00f5es necess\u00e1rias para reten\u00e7\u00e3o do nosso talento.<\/p>\n","protected":false},"excerpt":{"rendered":"<p>No cen\u00e1rio em constante evolu\u00e7\u00e3o do mercado de trabalho, uma&nbsp;das&nbsp;tend\u00eancia que&nbsp;tem vindo a&nbsp;ganhar&nbsp;destaque \u00e9 a escolha das novas gera\u00e7\u00f5es por trabalhos a part-time. Este&nbsp;fen\u00f4meno&nbsp;n\u00e3o apenas redefine a rela\u00e7\u00e3o tradicional com o emprego, mas tamb\u00e9m reflete as mudan\u00e7as nas aspira\u00e7\u00f5es e prioridades das gera\u00e7\u00f5es mais jovens.&nbsp;No artigo de hoje, iremos abordar a mudan\u00e7a de&nbsp;paradigma nas&nbsp;prefer\u00eancias de [&hellip;]<\/p>\n","protected":false},"author":2,"featured_media":1081,"comment_status":"closed","ping_status":"closed","sticky":false,"template":"","format":"standard","meta":{"_acf_changed":false,"footnotes":""},"categories":[1],"tags":[],"class_list":["post-1079","post","type-post","status-publish","format-standard","has-post-thumbnail","hentry","category-sem-categoria"],"acf":[],"yoast_head":"<!-- This site is optimized with the Yoast SEO plugin v26.0 - https:\/\/yoast.com\/wordpress\/plugins\/seo\/ -->\n<title>A Nova Tend\u00eancia: Trabalhos a Part-time e as Novas Gera\u00e7\u00f5es - Ventask<\/title>\n<meta name=\"robots\" content=\"index, follow, max-snippet:-1, max-video-preview:-1, noimageindex\" \/>\n<link rel=\"canonical\" href=\"https:\/\/www.ventask.pt\/pt-pt\/sem-categoria\/a-nova-tendencia-trabalhos-a-part-time-e-as-novas-geracoes\/\" \/>\n<meta property=\"og:locale\" content=\"pt_PT\" \/>\n<meta property=\"og:type\" content=\"article\" \/>\n<meta property=\"og:title\" content=\"A Nova Tend\u00eancia: Trabalhos a Part-time e as Novas Gera\u00e7\u00f5es - Ventask\" \/>\n<meta property=\"og:description\" content=\"No cen\u00e1rio em constante evolu\u00e7\u00e3o do mercado de trabalho, uma&nbsp;das&nbsp;tend\u00eancia que&nbsp;tem vindo a&nbsp;ganhar&nbsp;destaque \u00e9 a escolha das novas gera\u00e7\u00f5es por trabalhos a part-time. Este&nbsp;fen\u00f4meno&nbsp;n\u00e3o apenas redefine a rela\u00e7\u00e3o tradicional com o emprego, mas tamb\u00e9m reflete as mudan\u00e7as nas aspira\u00e7\u00f5es e prioridades das gera\u00e7\u00f5es mais jovens.&nbsp;No artigo de hoje, iremos abordar a mudan\u00e7a de&nbsp;paradigma nas&nbsp;prefer\u00eancias de [&hellip;]\" \/>\n<meta property=\"og:url\" content=\"https:\/\/www.ventask.pt\/pt-pt\/sem-categoria\/a-nova-tendencia-trabalhos-a-part-time-e-as-novas-geracoes\/\" \/>\n<meta property=\"og:site_name\" content=\"Ventask\" \/>\n<meta property=\"article:publisher\" content=\"https:\/\/www.facebook.com\/ventaskportugal\/\" \/>\n<meta property=\"article:published_time\" content=\"2023-11-15T16:25:38+00:00\" \/>\n<meta property=\"article:modified_time\" content=\"2023-11-15T16:25:39+00:00\" \/>\n<meta property=\"og:image\" content=\"https:\/\/www.ventask.pt\/wp-content\/uploads\/2023\/11\/part_time-scaled.jpeg\" \/>\n\t<meta property=\"og:image:width\" content=\"2560\" \/>\n\t<meta property=\"og:image:height\" content=\"1707\" \/>\n\t<meta property=\"og:image:type\" content=\"image\/jpeg\" \/>\n<meta name=\"author\" content=\"Nuno Margarido\" \/>\n<meta name=\"twitter:card\" content=\"summary_large_image\" \/>\n<meta name=\"twitter:label1\" content=\"Escrito por\" \/>\n\t<meta name=\"twitter:data1\" content=\"Nuno Margarido\" \/>\n\t<meta name=\"twitter:label2\" content=\"Tempo estimado de leitura\" \/>\n\t<meta name=\"twitter:data2\" content=\"3 minutos\" \/>\n<script type=\"application\/ld+json\" class=\"yoast-schema-graph\">{\"@context\":\"https:\/\/schema.org\",\"@graph\":[{\"@type\":\"Article\",\"@id\":\"https:\/\/www.ventask.pt\/pt-pt\/sem-categoria\/a-nova-tendencia-trabalhos-a-part-time-e-as-novas-geracoes\/#article\",\"isPartOf\":{\"@id\":\"https:\/\/www.ventask.pt\/pt-pt\/sem-categoria\/a-nova-tendencia-trabalhos-a-part-time-e-as-novas-geracoes\/\"},\"author\":{\"name\":\"Nuno Margarido\",\"@id\":\"https:\/\/www.ventask.pt\/pt-pt\/#\/schema\/person\/91ae1f855844212d2e40687119035432\"},\"headline\":\"A Nova Tend\u00eancia: Trabalhos a Part-time e as Novas Gera\u00e7\u00f5es\",\"datePublished\":\"2023-11-15T16:25:38+00:00\",\"dateModified\":\"2023-11-15T16:25:39+00:00\",\"mainEntityOfPage\":{\"@id\":\"https:\/\/www.ventask.pt\/pt-pt\/sem-categoria\/a-nova-tendencia-trabalhos-a-part-time-e-as-novas-geracoes\/\"},\"wordCount\":546,\"publisher\":{\"@id\":\"https:\/\/www.ventask.pt\/pt-pt\/#organization\"},\"image\":{\"@id\":\"https:\/\/www.ventask.pt\/pt-pt\/sem-categoria\/a-nova-tendencia-trabalhos-a-part-time-e-as-novas-geracoes\/#primaryimage\"},\"thumbnailUrl\":\"https:\/\/www.ventask.pt\/wp-content\/uploads\/2023\/11\/part_time-scaled.jpeg\",\"inLanguage\":\"pt-PT\"},{\"@type\":\"WebPage\",\"@id\":\"https:\/\/www.ventask.pt\/pt-pt\/sem-categoria\/a-nova-tendencia-trabalhos-a-part-time-e-as-novas-geracoes\/\",\"url\":\"https:\/\/www.ventask.pt\/pt-pt\/sem-categoria\/a-nova-tendencia-trabalhos-a-part-time-e-as-novas-geracoes\/\",\"name\":\"A Nova Tend\u00eancia: Trabalhos a Part-time e as Novas Gera\u00e7\u00f5es - Ventask\",\"isPartOf\":{\"@id\":\"https:\/\/www.ventask.pt\/pt-pt\/#website\"},\"primaryImageOfPage\":{\"@id\":\"https:\/\/www.ventask.pt\/pt-pt\/sem-categoria\/a-nova-tendencia-trabalhos-a-part-time-e-as-novas-geracoes\/#primaryimage\"},\"image\":{\"@id\":\"https:\/\/www.ventask.pt\/pt-pt\/sem-categoria\/a-nova-tendencia-trabalhos-a-part-time-e-as-novas-geracoes\/#primaryimage\"},\"thumbnailUrl\":\"https:\/\/www.ventask.pt\/wp-content\/uploads\/2023\/11\/part_time-scaled.jpeg\",\"datePublished\":\"2023-11-15T16:25:38+00:00\",\"dateModified\":\"2023-11-15T16:25:39+00:00\",\"breadcrumb\":{\"@id\":\"https:\/\/www.ventask.pt\/pt-pt\/sem-categoria\/a-nova-tendencia-trabalhos-a-part-time-e-as-novas-geracoes\/#breadcrumb\"},\"inLanguage\":\"pt-PT\",\"potentialAction\":[{\"@type\":\"ReadAction\",\"target\":[\"https:\/\/www.ventask.pt\/pt-pt\/sem-categoria\/a-nova-tendencia-trabalhos-a-part-time-e-as-novas-geracoes\/\"]}]},{\"@type\":\"ImageObject\",\"inLanguage\":\"pt-PT\",\"@id\":\"https:\/\/www.ventask.pt\/pt-pt\/sem-categoria\/a-nova-tendencia-trabalhos-a-part-time-e-as-novas-geracoes\/#primaryimage\",\"url\":\"https:\/\/www.ventask.pt\/wp-content\/uploads\/2023\/11\/part_time-scaled.jpeg\",\"contentUrl\":\"https:\/\/www.ventask.pt\/wp-content\/uploads\/2023\/11\/part_time-scaled.jpeg\",\"width\":2560,\"height\":1707,\"caption\":\"Flipping wooden cubes block for change part time to full time.\"},{\"@type\":\"BreadcrumbList\",\"@id\":\"https:\/\/www.ventask.pt\/pt-pt\/sem-categoria\/a-nova-tendencia-trabalhos-a-part-time-e-as-novas-geracoes\/#breadcrumb\",\"itemListElement\":[{\"@type\":\"ListItem\",\"position\":1,\"name\":\"In\u00edcio\",\"item\":\"https:\/\/www.ventask.pt\/pt-pt\/\"},{\"@type\":\"ListItem\",\"position\":2,\"name\":\"A Nova Tend\u00eancia: Trabalhos a Part-time e as Novas Gera\u00e7\u00f5es\"}]},{\"@type\":\"WebSite\",\"@id\":\"https:\/\/www.ventask.pt\/pt-pt\/#website\",\"url\":\"https:\/\/www.ventask.pt\/pt-pt\/\",\"name\":\"Ventask\",\"description\":\"Sales &amp; Communication Company\",\"publisher\":{\"@id\":\"https:\/\/www.ventask.pt\/pt-pt\/#organization\"},\"potentialAction\":[{\"@type\":\"SearchAction\",\"target\":{\"@type\":\"EntryPoint\",\"urlTemplate\":\"https:\/\/www.ventask.pt\/pt-pt\/?s={search_term_string}\"},\"query-input\":{\"@type\":\"PropertyValueSpecification\",\"valueRequired\":true,\"valueName\":\"search_term_string\"}}],\"inLanguage\":\"pt-PT\"},{\"@type\":\"Organization\",\"@id\":\"https:\/\/www.ventask.pt\/pt-pt\/#organization\",\"name\":\"Ventask\",\"url\":\"https:\/\/www.ventask.pt\/pt-pt\/\",\"logo\":{\"@type\":\"ImageObject\",\"inLanguage\":\"pt-PT\",\"@id\":\"https:\/\/www.ventask.pt\/pt-pt\/#\/schema\/logo\/image\/\",\"url\":\"https:\/\/www.ventask.pt\/wp-content\/uploads\/2021\/08\/logo-original-white-ventask.svg\",\"contentUrl\":\"https:\/\/www.ventask.pt\/wp-content\/uploads\/2021\/08\/logo-original-white-ventask.svg\",\"width\":328,\"height\":351,\"caption\":\"Ventask\"},\"image\":{\"@id\":\"https:\/\/www.ventask.pt\/pt-pt\/#\/schema\/logo\/image\/\"},\"sameAs\":[\"https:\/\/www.facebook.com\/ventaskportugal\/\",\"https:\/\/www.instagram.com\/ventask_pt\/\"]},{\"@type\":\"Person\",\"@id\":\"https:\/\/www.ventask.pt\/pt-pt\/#\/schema\/person\/91ae1f855844212d2e40687119035432\",\"name\":\"Nuno Margarido\",\"image\":{\"@type\":\"ImageObject\",\"inLanguage\":\"pt-PT\",\"@id\":\"https:\/\/www.ventask.pt\/pt-pt\/#\/schema\/person\/image\/\",\"url\":\"https:\/\/secure.gravatar.com\/avatar\/5443a9b5a462f16062ef21247934eb1685b0a062484a918439cff2f233ff4d87?s=96&d=mm&r=g\",\"contentUrl\":\"https:\/\/secure.gravatar.com\/avatar\/5443a9b5a462f16062ef21247934eb1685b0a062484a918439cff2f233ff4d87?s=96&d=mm&r=g\",\"caption\":\"Nuno Margarido\"},\"url\":\"https:\/\/www.ventask.pt\/pt-pt\/author\/ventask\/\"}]}<\/script>\n<!-- \/ Yoast SEO plugin. -->","yoast_head_json":{"title":"A Nova Tend\u00eancia: Trabalhos a Part-time e as Novas Gera\u00e7\u00f5es - Ventask","robots":{"index":"index","follow":"follow","max-snippet":"max-snippet:-1","max-video-preview":"max-video-preview:-1","imageindex":"noimageindex"},"canonical":"https:\/\/www.ventask.pt\/pt-pt\/sem-categoria\/a-nova-tendencia-trabalhos-a-part-time-e-as-novas-geracoes\/","og_locale":"pt_PT","og_type":"article","og_title":"A Nova Tend\u00eancia: Trabalhos a Part-time e as Novas Gera\u00e7\u00f5es - Ventask","og_description":"No cen\u00e1rio em constante evolu\u00e7\u00e3o do mercado de trabalho, uma&nbsp;das&nbsp;tend\u00eancia que&nbsp;tem vindo a&nbsp;ganhar&nbsp;destaque \u00e9 a escolha das novas gera\u00e7\u00f5es por trabalhos a part-time. Este&nbsp;fen\u00f4meno&nbsp;n\u00e3o apenas redefine a rela\u00e7\u00e3o tradicional com o emprego, mas tamb\u00e9m reflete as mudan\u00e7as nas aspira\u00e7\u00f5es e prioridades das gera\u00e7\u00f5es mais jovens.&nbsp;No artigo de hoje, iremos abordar a mudan\u00e7a de&nbsp;paradigma nas&nbsp;prefer\u00eancias de [&hellip;]","og_url":"https:\/\/www.ventask.pt\/pt-pt\/sem-categoria\/a-nova-tendencia-trabalhos-a-part-time-e-as-novas-geracoes\/","og_site_name":"Ventask","article_publisher":"https:\/\/www.facebook.com\/ventaskportugal\/","article_published_time":"2023-11-15T16:25:38+00:00","article_modified_time":"2023-11-15T16:25:39+00:00","og_image":[{"width":2560,"height":1707,"url":"https:\/\/www.ventask.pt\/wp-content\/uploads\/2023\/11\/part_time-scaled.jpeg","type":"image\/jpeg"}],"author":"Nuno Margarido","twitter_card":"summary_large_image","twitter_misc":{"Escrito por":"Nuno Margarido","Tempo estimado de leitura":"3 minutos"},"schema":{"@context":"https:\/\/schema.org","@graph":[{"@type":"Article","@id":"https:\/\/www.ventask.pt\/pt-pt\/sem-categoria\/a-nova-tendencia-trabalhos-a-part-time-e-as-novas-geracoes\/#article","isPartOf":{"@id":"https:\/\/www.ventask.pt\/pt-pt\/sem-categoria\/a-nova-tendencia-trabalhos-a-part-time-e-as-novas-geracoes\/"},"author":{"name":"Nuno Margarido","@id":"https:\/\/www.ventask.pt\/pt-pt\/#\/schema\/person\/91ae1f855844212d2e40687119035432"},"headline":"A Nova Tend\u00eancia: Trabalhos a Part-time e as Novas Gera\u00e7\u00f5es","datePublished":"2023-11-15T16:25:38+00:00","dateModified":"2023-11-15T16:25:39+00:00","mainEntityOfPage":{"@id":"https:\/\/www.ventask.pt\/pt-pt\/sem-categoria\/a-nova-tendencia-trabalhos-a-part-time-e-as-novas-geracoes\/"},"wordCount":546,"publisher":{"@id":"https:\/\/www.ventask.pt\/pt-pt\/#organization"},"image":{"@id":"https:\/\/www.ventask.pt\/pt-pt\/sem-categoria\/a-nova-tendencia-trabalhos-a-part-time-e-as-novas-geracoes\/#primaryimage"},"thumbnailUrl":"https:\/\/www.ventask.pt\/wp-content\/uploads\/2023\/11\/part_time-scaled.jpeg","inLanguage":"pt-PT"},{"@type":"WebPage","@id":"https:\/\/www.ventask.pt\/pt-pt\/sem-categoria\/a-nova-tendencia-trabalhos-a-part-time-e-as-novas-geracoes\/","url":"https:\/\/www.ventask.pt\/pt-pt\/sem-categoria\/a-nova-tendencia-trabalhos-a-part-time-e-as-novas-geracoes\/","name":"A Nova Tend\u00eancia: Trabalhos a Part-time e as Novas Gera\u00e7\u00f5es - Ventask","isPartOf":{"@id":"https:\/\/www.ventask.pt\/pt-pt\/#website"},"primaryImageOfPage":{"@id":"https:\/\/www.ventask.pt\/pt-pt\/sem-categoria\/a-nova-tendencia-trabalhos-a-part-time-e-as-novas-geracoes\/#primaryimage"},"image":{"@id":"https:\/\/www.ventask.pt\/pt-pt\/sem-categoria\/a-nova-tendencia-trabalhos-a-part-time-e-as-novas-geracoes\/#primaryimage"},"thumbnailUrl":"https:\/\/www.ventask.pt\/wp-content\/uploads\/2023\/11\/part_time-scaled.jpeg","datePublished":"2023-11-15T16:25:38+00:00","dateModified":"2023-11-15T16:25:39+00:00","breadcrumb":{"@id":"https:\/\/www.ventask.pt\/pt-pt\/sem-categoria\/a-nova-tendencia-trabalhos-a-part-time-e-as-novas-geracoes\/#breadcrumb"},"inLanguage":"pt-PT","potentialAction":[{"@type":"ReadAction","target":["https:\/\/www.ventask.pt\/pt-pt\/sem-categoria\/a-nova-tendencia-trabalhos-a-part-time-e-as-novas-geracoes\/"]}]},{"@type":"ImageObject","inLanguage":"pt-PT","@id":"https:\/\/www.ventask.pt\/pt-pt\/sem-categoria\/a-nova-tendencia-trabalhos-a-part-time-e-as-novas-geracoes\/#primaryimage","url":"https:\/\/www.ventask.pt\/wp-content\/uploads\/2023\/11\/part_time-scaled.jpeg","contentUrl":"https:\/\/www.ventask.pt\/wp-content\/uploads\/2023\/11\/part_time-scaled.jpeg","width":2560,"height":1707,"caption":"Flipping wooden cubes block for change part time to full time."},{"@type":"BreadcrumbList","@id":"https:\/\/www.ventask.pt\/pt-pt\/sem-categoria\/a-nova-tendencia-trabalhos-a-part-time-e-as-novas-geracoes\/#breadcrumb","itemListElement":[{"@type":"ListItem","position":1,"name":"In\u00edcio","item":"https:\/\/www.ventask.pt\/pt-pt\/"},{"@type":"ListItem","position":2,"name":"A Nova Tend\u00eancia: Trabalhos a Part-time e as Novas Gera\u00e7\u00f5es"}]},{"@type":"WebSite","@id":"https:\/\/www.ventask.pt\/pt-pt\/#website","url":"https:\/\/www.ventask.pt\/pt-pt\/","name":"Ventask","description":"Sales &amp; Communication Company","publisher":{"@id":"https:\/\/www.ventask.pt\/pt-pt\/#organization"},"potentialAction":[{"@type":"SearchAction","target":{"@type":"EntryPoint","urlTemplate":"https:\/\/www.ventask.pt\/pt-pt\/?s={search_term_string}"},"query-input":{"@type":"PropertyValueSpecification","valueRequired":true,"valueName":"search_term_string"}}],"inLanguage":"pt-PT"},{"@type":"Organization","@id":"https:\/\/www.ventask.pt\/pt-pt\/#organization","name":"Ventask","url":"https:\/\/www.ventask.pt\/pt-pt\/","logo":{"@type":"ImageObject","inLanguage":"pt-PT","@id":"https:\/\/www.ventask.pt\/pt-pt\/#\/schema\/logo\/image\/","url":"https:\/\/www.ventask.pt\/wp-content\/uploads\/2021\/08\/logo-original-white-ventask.svg","contentUrl":"https:\/\/www.ventask.pt\/wp-content\/uploads\/2021\/08\/logo-original-white-ventask.svg","width":328,"height":351,"caption":"Ventask"},"image":{"@id":"https:\/\/www.ventask.pt\/pt-pt\/#\/schema\/logo\/image\/"},"sameAs":["https:\/\/www.facebook.com\/ventaskportugal\/","https:\/\/www.instagram.com\/ventask_pt\/"]},{"@type":"Person","@id":"https:\/\/www.ventask.pt\/pt-pt\/#\/schema\/person\/91ae1f855844212d2e40687119035432","name":"Nuno Margarido","image":{"@type":"ImageObject","inLanguage":"pt-PT","@id":"https:\/\/www.ventask.pt\/pt-pt\/#\/schema\/person\/image\/","url":"https:\/\/secure.gravatar.com\/avatar\/5443a9b5a462f16062ef21247934eb1685b0a062484a918439cff2f233ff4d87?s=96&d=mm&r=g","contentUrl":"https:\/\/secure.gravatar.com\/avatar\/5443a9b5a462f16062ef21247934eb1685b0a062484a918439cff2f233ff4d87?s=96&d=mm&r=g","caption":"Nuno Margarido"},"url":"https:\/\/www.ventask.pt\/pt-pt\/author\/ventask\/"}]}},"_links":{"self":[{"href":"https:\/\/www.ventask.pt\/pt-pt\/wp-json\/wp\/v2\/posts\/1079","targetHints":{"allow":["GET"]}}],"collection":[{"href":"https:\/\/www.ventask.pt\/pt-pt\/wp-json\/wp\/v2\/posts"}],"about":[{"href":"https:\/\/www.ventask.pt\/pt-pt\/wp-json\/wp\/v2\/types\/post"}],"author":[{"embeddable":true,"href":"https:\/\/www.ventask.pt\/pt-pt\/wp-json\/wp\/v2\/users\/2"}],"replies":[{"embeddable":true,"href":"https:\/\/www.ventask.pt\/pt-pt\/wp-json\/wp\/v2\/comments?post=1079"}],"version-history":[{"count":1,"href":"https:\/\/www.ventask.pt\/pt-pt\/wp-json\/wp\/v2\/posts\/1079\/revisions"}],"predecessor-version":[{"id":1082,"href":"https:\/\/www.ventask.pt\/pt-pt\/wp-json\/wp\/v2\/posts\/1079\/revisions\/1082"}],"wp:featuredmedia":[{"embeddable":true,"href":"https:\/\/www.ventask.pt\/pt-pt\/wp-json\/wp\/v2\/media\/1081"}],"wp:attachment":[{"href":"https:\/\/www.ventask.pt\/pt-pt\/wp-json\/wp\/v2\/media?parent=1079"}],"wp:term":[{"taxonomy":"category","embeddable":true,"href":"https:\/\/www.ventask.pt\/pt-pt\/wp-json\/wp\/v2\/categories?post=1079"},{"taxonomy":"post_tag","embeddable":true,"href":"https:\/\/www.ventask.pt\/pt-pt\/wp-json\/wp\/v2\/tags?post=1079"}],"curies":[{"name":"wp","href":"https:\/\/api.w.org\/{rel}","templated":true}]}}